{"id":41601,"date":"2024-09-10T05:23:40","date_gmt":"2024-09-10T04:23:40","guid":{"rendered":"https:\/\/ankegroener.de\/blog\/?p=41601"},"modified":"2024-09-10T05:25:02","modified_gmt":"2024-09-10T04:25:02","slug":"montag-9-september-2024-nordish","status":"publish","type":"post","link":"https:\/\/www.ankegroener.de\/blog\/?p=41601","title":{"rendered":"Montag, 9. September 2024 \u2013 Nordish"},"content":{"rendered":"<p>Statt 28 bis 30 Grad und dusseliger Sonne waren es gestern endlich, endlich nur noch 20 Grad, morgens sogar noch weniger, und: Es regnete. Es regnete gar herrlich, als ich gegen 7 Uhr unter meinem kleinen Knirpsschirm zum Auto ging, ich freute mich \u00fcber funktionierende Scheibenwischer und genoss meinen Lieblingsausblick auf dem Weg zur Arbeit in feinstem Bindf\u00e4denniederschlag: Ein weiter Blick \u00fcber perspektivisch total h\u00fcbsch angeordnete Bergketten im Morgennebel mit kleinen Playmobilh\u00e4usern drauf, der mich immer fasziniert, weil mich Berge auch nach zw\u00f6lf Jahren hier unten noch faszinieren und ich gerade diese hintereinander aufragenden H\u00fcgel und Kuppen so spannend finde. <\/p>\n<p>Das fiel mir erstmals auf, als ich Zug fuhr und pl\u00f6tzlich aus dem M\u00fcnchner Flachland so komische Nupsis in den Himmel wuchsen und ich unwillk\u00fcrlich laut sagte: \u201eOh, Berge!\u201c Es war netterweise niemand in der N\u00e4he im Zug, der mich h\u00e4tte einweisen k\u00f6nnen, aber seitdem denke ich innerlich immer bei Bergen \u201eOh, Berge!\u201c Das h\u00f6rt nicht auf, toll auszusehen. Ich glaube, ich war in meinem fr\u00fcheren Leben ein Hund: \u201eOh, Berge, the strangest things!\u201c \u2013 \u201eOh, mein Lieblingsmensch, gleich mal ranwerfen.\u201c \u2013 \u201eOH, ESSEN!\u201c<\/p>\n<p>Ich freute mich den ganzen Tag \u00fcber die herrliche K\u00fchle und den ab und zu erneut einsetzenden Regen. Nur als ich mal schwere Akten von einem B\u00fcrotrakt zum n\u00e4chsten tragen und dabei \u00fcber den Hof musste, war ich kurz angestrengt, denn mein Schirmchen reichte halt nur daf\u00fcr, die alten Unterlagen zu sch\u00fctzen, w\u00e4hrend ich ein bisschen nass wurde. Aber nass durch Regen ist so tausendmal toller als nass durch Hitzeschwei\u00df. Tach, Herbst, du gutes, altes Ding, ich konnte dich wirklich nicht mehr erwarten.<\/p>\n<p>(Habe hier keine Teekanne OMG!)<\/p>\n","protected":false},"excerpt":{"rendered":"<p>Statt 28 bis 30 Grad und dusseliger Sonne waren es gestern endlich, endlich nur noch 20 Grad, morgens sogar noch weniger, und: Es regnete. Es regnete gar herrlich, als ich gegen 7 Uhr unter meinem kleinen Knirpsschirm zum Auto ging, ich freute mich \u00fcber funktionierende Scheibenwischer und genoss meinen Lieblingsausblick auf dem Weg zur Arbeit [&hellip;]<\/p>\n","protected":false},"author":10,"featured_media":0,"comment_status":"closed","ping_status":"closed","sticky":false,"template":"","format":"standard","meta":{"footnotes":""},"categories":[1],"tags":[],"class_list":["post-41601","post","type-post","status-publish","format-standard","hentry","category-weblog"],"_links":{"self":[{"href":"https:\/\/www.ankegroener.de\/blog\/index.php?rest_route=\/wp\/v2\/posts\/41601","targetHints":{"allow":["GET"]}}],"collection":[{"href":"https:\/\/www.ankegroener.de\/blog\/index.php?rest_route=\/wp\/v2\/posts"}],"about":[{"href":"https:\/\/www.ankegroener.de\/blog\/index.php?rest_route=\/wp\/v2\/types\/post"}],"author":[{"embeddable":true,"href":"https:\/\/www.ankegroener.de\/blog\/index.php?rest_route=\/wp\/v2\/users\/10"}],"replies":[{"embeddable":true,"href":"https:\/\/www.ankegroener.de\/blog\/index.php?rest_route=%2Fwp%2Fv2%2Fcomments&post=41601"}],"version-history":[{"count":3,"href":"https:\/\/www.ankegroener.de\/blog\/index.php?rest_route=\/wp\/v2\/posts\/41601\/revisions"}],"predecessor-version":[{"id":41604,"href":"https:\/\/www.ankegroener.de\/blog\/index.php?rest_route=\/wp\/v2\/posts\/41601\/revisions\/41604"}],"wp:attachment":[{"href":"https:\/\/www.ankegroener.de\/blog\/index.php?rest_route=%2Fwp%2Fv2%2Fmedia&parent=41601"}],"wp:term":[{"taxonomy":"category","embeddable":true,"href":"https:\/\/www.ankegroener.de\/blog\/index.php?rest_route=%2Fwp%2Fv2%2Fcategories&post=41601"},{"taxonomy":"post_tag","embeddable":true,"href":"https:\/\/www.ankegroener.de\/blog\/index.php?rest_route=%2Fwp%2Fv2%2Ftags&post=41601"}],"curies":[{"name":"wp","href":"https:\/\/api.w.org\/{rel}","templated":true}]}}