{"id":29184,"date":"2018-05-14T08:02:36","date_gmt":"2018-05-14T07:02:36","guid":{"rendered":"http:\/\/ankegroener.de\/blog\/?p=29184"},"modified":"2018-05-14T08:02:36","modified_gmt":"2018-05-14T07:02:36","slug":"was-schon-war-sonntag-13-mai-2018-schlafen","status":"publish","type":"post","link":"https:\/\/www.ankegroener.de\/blog\/?p=29184","title":{"rendered":"Was sch\u00f6n war, Sonntag, 13. Mai 2018 \u2013\u00a0Schlafen"},"content":{"rendered":"<p>Einen 50-min\u00fctigen <a href=\"https:\/\/www.arte.tv\/de\/videos\/074083-000-A\/anjelica-huston-erzaehlt-james-joyce\/\">Film<\/a> \u00fcber James Joyce geguckt (danke an <a href=\"https:\/\/twitter.com\/komplizin\">@komplizin<\/a> f\u00fcr den Hinweis). Weiter <em>Ulysses<\/em> gelesen.<\/p>\n<p>Aber ansonsten:<\/p>\n<blockquote class=\"twitter-tweet\" data-lang=\"de\">\n<p lang=\"und\" dir=\"ltr\"><a href=\"https:\/\/t.co\/DzFnn1V1x3\">pic.twitter.com\/DzFnn1V1x3<\/a><\/p>\n<p>&mdash; Ruby (@rubyetc) <a href=\"https:\/\/twitter.com\/rubyetc\/status\/995627461948911617?ref_src=twsrc%5Etfw\">13. Mai 2018<\/a><\/p><\/blockquote>\n<p><script async src=\"https:\/\/platform.twitter.com\/widgets.js\" charset=\"utf-8\"><\/script><\/p>\n","protected":false},"excerpt":{"rendered":"<p>Einen 50-min\u00fctigen Film \u00fcber James Joyce geguckt (danke an @komplizin f\u00fcr den Hinweis). Weiter Ulysses gelesen. Aber ansonsten: pic.twitter.com\/DzFnn1V1x3 &mdash; Ruby (@rubyetc) 13. Mai 2018<\/p>\n","protected":false},"author":10,"featured_media":0,"comment_status":"closed","ping_status":"closed","sticky":false,"template":"","format":"standard","meta":{"footnotes":""},"categories":[1],"tags":[],"class_list":["post-29184","post","type-post","status-publish","format-standard","hentry","category-weblog"],"_links":{"self":[{"href":"https:\/\/www.ankegroener.de\/blog\/index.php?rest_route=\/wp\/v2\/posts\/29184","targetHints":{"allow":["GET"]}}],"collection":[{"href":"https:\/\/www.ankegroener.de\/blog\/index.php?rest_route=\/wp\/v2\/posts"}],"about":[{"href":"https:\/\/www.ankegroener.de\/blog\/index.php?rest_route=\/wp\/v2\/types\/post"}],"author":[{"embeddable":true,"href":"https:\/\/www.ankegroener.de\/blog\/index.php?rest_route=\/wp\/v2\/users\/10"}],"replies":[{"embeddable":true,"href":"https:\/\/www.ankegroener.de\/blog\/index.php?rest_route=%2Fwp%2Fv2%2Fcomments&post=29184"}],"version-history":[{"count":1,"href":"https:\/\/www.ankegroener.de\/blog\/index.php?rest_route=\/wp\/v2\/posts\/29184\/revisions"}],"predecessor-version":[{"id":29185,"href":"https:\/\/www.ankegroener.de\/blog\/index.php?rest_route=\/wp\/v2\/posts\/29184\/revisions\/29185"}],"wp:attachment":[{"href":"https:\/\/www.ankegroener.de\/blog\/index.php?rest_route=%2Fwp%2Fv2%2Fmedia&parent=29184"}],"wp:term":[{"taxonomy":"category","embeddable":true,"href":"https:\/\/www.ankegroener.de\/blog\/index.php?rest_route=%2Fwp%2Fv2%2Fcategories&post=29184"},{"taxonomy":"post_tag","embeddable":true,"href":"https:\/\/www.ankegroener.de\/blog\/index.php?rest_route=%2Fwp%2Fv2%2Ftags&post=29184"}],"curies":[{"name":"wp","href":"https:\/\/api.w.org\/{rel}","templated":true}]}}