{"id":29069,"date":"2018-04-27T08:32:22","date_gmt":"2018-04-27T07:32:22","guid":{"rendered":"http:\/\/ankegroener.de\/blog\/?p=29069"},"modified":"2018-04-27T08:32:22","modified_gmt":"2018-04-27T07:32:22","slug":"tagebuch-donnerstag-26-april-2018-zzzz","status":"publish","type":"post","link":"https:\/\/www.ankegroener.de\/blog\/?p=29069","title":{"rendered":"Tagebuch, Donnerstag, 26. April 2018 &#8211; Zzzz"},"content":{"rendered":"<p>Mein Wecker sollte um 7 klingeln, ich wurde aber r\u00fcde durch eine Kehrmaschine vor meinem gekippten Fenster geweckt, so gegen 6.30 Uhr. Ich ging ins Bad, begann die morgendlichen Vorbereitungen, dachte mir dann aber total schlau, ach, die paar Minuten bis 7 schlie\u00dft du einfach noch mal die \u00c4uglein. Ich erspare euch die weiteren Details, aber mein Tag fing deutlich sp\u00e4ter an als geplant.<\/p>\n<p>Ich verschob daher den einen Ausstellungsbesuch f\u00fcr die n\u00e4chste Fehlfarben-Aufnahme auf heute, setzte mich stattdessen an den Schreibtisch und arbeitete vor mich hin. Zwischendurch ging ich einkaufen, las Zeitung und belegte mir ein herrlich frisches Wei\u00dfbrot mit Avocadoscheibchen, auf die ich Reste der Hollandaise verteilte, die vom <a href=\"https:\/\/www.instagram.com\/p\/BiAIP8mD02U\/\">Anspargeln<\/a> vorgestern \u00fcbrig geblieben waren.<\/p>\n<p>Abends kam F. vorbei, wir tranken Fanta und Wein (in getrennten Gl\u00e4sern), holten zwei Wochen Gespr\u00e4che nach, die durch seine Erk\u00e4ltung und meinen Hamburg-Aufenthalt nur angerissen wurden und gingen viel zu sp\u00e4t ins Bett. (Weswegen ich heute schon wieder meinem Zeitplan hinterherhinke!)<\/p>\n<p>&#8212;<\/p>\n<p><strong><a href=\"http:\/\/www.faz.net\/aktuell\/wissen\/geist-soziales\/kulturgeschichte-des-geburtstags-vom-mut-sich-selbst-zu-feiern-15542442.html?printPagedArticle=true#pageIndex_0\">Vom Mut, sich selbst zu feinern<\/a><\/strong><\/p>\n<p>Die <em>FAZ<\/em> mit einer kleinen Kulturgeschichte des Geburtstags. Ich verlinke mal uneitel meine <a href=\"http:\/\/ankegroener.de\/blog\/?p=25334\">Hausarbeit<\/a> zum \u00e4hnlichen Thema.<\/p>\n<blockquote><p>\u201eNeben Kerzen, Kuchen und Geschenken ist das Geburtstagsfest nichts weniger als eine Errungenschaft der Moderne. Oder, pathetischer formuliert: Wer zum Geburtstag einl\u00e4dt, feiert damit automatisch die Werte der Aufkl\u00e4rung.<\/p>\n<p>Ein blo\u00dfer Untertan jedenfalls w\u00e4re niemals auf den Gedanken gekommen, sich selbst zu feiern; h\u00f6chstens seinen weltlichen, geistlichen oder g\u00f6ttlichen Herrn. Bevor man das Ich preisen konnte, musste man es erst einmal erkennen. Wenn wir heute also selbstverst\u00e4ndlich des Datums unserer Geburt gedenken, zelebrieren wir uns als freie, aufgekl\u00e4rte, selbst denkende Individuen, die nicht mehr unter der Knute irgendeines Herrschers stehen. Celebrari aude \u2013 habe den Mut, dich selbst zu feiern.\u201c<\/p><\/blockquote>\n<p>&#8212;<\/p>\n<p><strong><a href=\"https:\/\/www.nytimes.com\/2018\/04\/25\/us\/lynching-memorial-alabama.html\">A Lynching Memorial Is Opening. The Country Has Never Seen Anything Like It.<\/a><\/strong><\/p>\n<p>In Alabama wurde eine bemerkenswerte Gedenkst\u00e4tte errichtet: das erste Memorial in den USA f\u00fcr gelynchte Schwarze. Als Inspiration, auch f\u00fcr die k\u00fcnstlerische Gestaltung, dienten das <a href=\"https:\/\/de.wikipedia.org\/wiki\/Apartheid_Museum\">Apartheid Museum<\/a> in Johannesburg sowie das <a href=\"https:\/\/de.wikipedia.org\/wiki\/Denkmal_f%C3%BCr_die_ermordeten_Juden_Europas\">Denkmal f\u00fcr die ermordeten Juden Europas<\/a> in Berlin.<\/p>\n<blockquote><p>\u201eThe <a href=\"https:\/\/eji.org\/national-lynching-memorial\">National Memorial for Peace and Justice<\/a>, which opens Thursday on a six-acre site overlooking the Alabama State Capitol, is dedicated to the victims of American white supremacy. And it demands a reckoning with one of the nation\u2019s least recognized atrocities: the lynching of thousands of black people in a decades-long campaign of racist terror.<\/p>\n<p>At the center is a grim cloister, a walkway with 800 weathered steel columns, all hanging from a roof. Etched on each column is the name of an American county and the people who were lynched there, most listed by name, many simply as \u201cunknown.\u201d The columns meet you first at eye level, like the headstones that lynching victims were rarely given. But as you walk, the floor steadily descends; by the end, the columns are all dangling above, leaving you in the position of the callous spectators in old photographs of public lynchings.\u201c<\/p><\/blockquote>\n<p>&#8212;<\/p>\n<p><strong><a href=\"http:\/\/yumilovescoffee.com\/kaffeepod-4-bosch\/\">KaffeePod #4:Bosch<\/a><\/strong><\/p>\n<p>Noch nicht ganz fertig durchgeh\u00f6rt, aber ich empfehle den Podcast \u00fcber Kaffeegenuss einfach mal weiter. Verlinkt ist die Folge mit Bosch, bei dem ich auf <a href=\"https:\/\/www.instagram.com\/bosch\/\">Instagram<\/a> immer gerne sehe und lese, welchen Kaffee er gerade trinkt.<\/p>\n","protected":false},"excerpt":{"rendered":"<p>Mein Wecker sollte um 7 klingeln, ich wurde aber r\u00fcde durch eine Kehrmaschine vor meinem gekippten Fenster geweckt, so gegen 6.30 Uhr. Ich ging ins Bad, begann die morgendlichen Vorbereitungen, dachte mir dann aber total schlau, ach, die paar Minuten bis 7 schlie\u00dft du einfach noch mal die \u00c4uglein. Ich erspare euch die weiteren Details, [&hellip;]<\/p>\n","protected":false},"author":10,"featured_media":0,"comment_status":"closed","ping_status":"closed","sticky":false,"template":"","format":"standard","meta":{"footnotes":""},"categories":[1],"tags":[],"class_list":["post-29069","post","type-post","status-publish","format-standard","hentry","category-weblog"],"_links":{"self":[{"href":"https:\/\/www.ankegroener.de\/blog\/index.php?rest_route=\/wp\/v2\/posts\/29069","targetHints":{"allow":["GET"]}}],"collection":[{"href":"https:\/\/www.ankegroener.de\/blog\/index.php?rest_route=\/wp\/v2\/posts"}],"about":[{"href":"https:\/\/www.ankegroener.de\/blog\/index.php?rest_route=\/wp\/v2\/types\/post"}],"author":[{"embeddable":true,"href":"https:\/\/www.ankegroener.de\/blog\/index.php?rest_route=\/wp\/v2\/users\/10"}],"replies":[{"embeddable":true,"href":"https:\/\/www.ankegroener.de\/blog\/index.php?rest_route=%2Fwp%2Fv2%2Fcomments&post=29069"}],"version-history":[{"count":2,"href":"https:\/\/www.ankegroener.de\/blog\/index.php?rest_route=\/wp\/v2\/posts\/29069\/revisions"}],"predecessor-version":[{"id":29071,"href":"https:\/\/www.ankegroener.de\/blog\/index.php?rest_route=\/wp\/v2\/posts\/29069\/revisions\/29071"}],"wp:attachment":[{"href":"https:\/\/www.ankegroener.de\/blog\/index.php?rest_route=%2Fwp%2Fv2%2Fmedia&parent=29069"}],"wp:term":[{"taxonomy":"category","embeddable":true,"href":"https:\/\/www.ankegroener.de\/blog\/index.php?rest_route=%2Fwp%2Fv2%2Fcategories&post=29069"},{"taxonomy":"post_tag","embeddable":true,"href":"https:\/\/www.ankegroener.de\/blog\/index.php?rest_route=%2Fwp%2Fv2%2Ftags&post=29069"}],"curies":[{"name":"wp","href":"https:\/\/api.w.org\/{rel}","templated":true}]}}