{"id":26238,"date":"2017-02-06T09:46:38","date_gmt":"2017-02-06T07:46:38","guid":{"rendered":"http:\/\/www.ankegroener.de\/?p=26238"},"modified":"2017-02-06T09:54:50","modified_gmt":"2017-02-06T07:54:50","slug":"tagebuch-5-februar-2017-prufungsvorbereitung","status":"publish","type":"post","link":"https:\/\/www.ankegroener.de\/blog\/?p=26238","title":{"rendered":"Tagebuch, 5. Februar 2017 \u2013 Pr\u00fcfungsvorbereitung"},"content":{"rendered":"<p>Die zwei Lekt\u00fcrekursb\u00fccher f\u00fcr das heutige Pr\u00fcfungsgespr\u00e4ch nochmal sehr drastisch quergelesen und meine Notizen dazu vervollst\u00e4ndigt.<\/p>\n<p>Die letzten C\u00e9zanne-Lernk\u00e4rtchen gebastelt und durchgegangen. Weil ich mit denen noch nicht fertig war, habe ich mir den Stadionbesuch in Augsburg verkniffen, wo nat\u00fcrlich noch in der Nachspielzeit das <a href=\"http:\/\/www.fcaugsburg.de\/cms\/website.php?sid=d13b40f096a3f1bd3ae189a18c770cca&#038;id=\/index\/profis\/spielplan.htm&#038;stat_id=464&#038;stat_action=bericht\">Siegtor f\u00fcr den FCA<\/a> fiel. Das h\u00e4tte ich schon gerne live gesehen anstatt mit halbem Auge auf dem iPad. Selber schuld, zu lange rumgetr\u00f6delt.<\/p>\n<p>Ein weiteres Mal den Lernk\u00e4rtchenstapel zur osmanischen Architektur durchgebl\u00e4ttert, dabei einige Geb\u00e4ude rausgelegt, deren t\u00fcrkische Namen ich mir auch beim zehnten Durchgang und mit allen Eselsbr\u00fccken dieser Welt anscheinend nicht merken kann. Ich lerne f\u00fcr diese beiden allerletzten (unbenoteten) Klausuren meines Studiums gnadenlos nur noch auf \u201eBestehen\u201c und nicht auf \u201eMit Bravour alle Fragen beantworten\u201c, was zumindest im Bachelor meist mein Anspruch an mich selbst war. Da wusste ich aber auch noch nicht, wohin meine kunsthistorische Reise geht, weswegen ich mir dachte, das kann ja alles nicht schaden, was du dir hier gerade reinstopfst. Kann es vermutlich auch dieses Mal nicht, aber ich wei\u00df inzwischen, dass ich osmanische Architektur nie wieder brauchen werde, und f\u00fcr C\u00e9zanne gibt es eine Million Kataloge.<\/p>\n<p>Au\u00dferdem wei\u00df ich inzwischen auch: 95 Prozent von dem, was ich f\u00fcr Klausuren lerne, vergesse ich nach dem Pr\u00fcfungstermin sofort. Ich kann heute noch Details aus <a href=\"https:\/\/de.wikipedia.org\/wiki\/Hans_Memling\">Memlings<\/a> Leben abrufen, die ich mir im ersten Semester f\u00fcr Referat und Hausarbeit selbst\u00e4ndig erarbeitet habe, aber was ich f\u00fcr die elf KuGi-Klausuren der letzten vier Jahre gelernt habe, ist so ziemlich alles weg. In Geschichte k\u00f6nnte etwas mehr h\u00e4ngengeblieben sein, denn dort haben wir keine Multiple-Choice-Dinger geschrieben, sondern Essayfragen gehabt, wof\u00fcr ich auch anders gelernt habe. Multiple Choice ist f\u00fcr Kunstgeschichte sowieso das d\u00e4mlichste Format, um Wissen abzufragen, aber <em>bestimmt<\/em> haben die BA-Ausdenker*innen sich was total Sinnvolles dabei gedacht. <\/p>\n<p>Bagels gebacken, die aber nicht so toll geschmeckt haben wie sie aussahen. Monika Marons <em><a rel=\"nofollow\" href=\"https:\/\/www.amazon.de\/gp\/product\/3596118042\/ref=as_li_tl?ie=UTF8&#038;camp=1638&#038;creative=6742&#038;creativeASIN=3596118042&#038;linkCode=as2&#038;tag=httpwwwankegr-21\">Stille Zeile Sechs<\/a><img loading=\"lazy\" decoding=\"async\" src=\"http:\/\/ir-de.amazon-adsystem.com\/e\/ir?t=httpwwwankegr-21&#038;l=as2&#038;o=3&#038;a=3596118042\" width=\"1\" height=\"1\" border=\"0\" alt=\"\" style=\"border:none !important; margin:0px !important;\" \/><\/em> durchgelesen und als \u201efand ich gut\u201c ins Regal gestellt; mit Carolin Emckes <em><a rel=\"nofollow\" href=\"https:\/\/www.amazon.de\/gp\/product\/3103972318\/ref=as_li_tl?ie=UTF8&#038;camp=1638&#038;creative=6742&#038;creativeASIN=3103972318&#038;linkCode=as2&#038;tag=httpwwwankegr-21\">Gegen den Hass<\/a><img loading=\"lazy\" decoding=\"async\" src=\"http:\/\/ir-de.amazon-adsystem.com\/e\/ir?t=httpwwwankegr-21&#038;l=as2&#038;o=3&#038;a=3103972318\" width=\"1\" height=\"1\" border=\"0\" alt=\"\" style=\"border:none !important; margin:0px !important;\" \/><\/em> angefangen.<\/p>\n<blockquote class=\"twitter-tweet\" data-lang=\"de\">\n<p lang=\"de\" dir=\"ltr\">Wenn ich erst Bundeskanzlerin bin, hat jedes Hardcoverbuch ein Leseb\u00e4ndchen. Ach, komm: ZWEI!<\/p>\n<p>&mdash; Anke Gr\u00f6ner (@ankegroener) <a href=\"https:\/\/twitter.com\/ankegroener\/status\/828354245858582530\">5. Februar 2017<\/a><\/p><\/blockquote>\n<p><script async src=\"\/\/platform.twitter.com\/widgets.js\" charset=\"utf-8\"><\/script><\/p>\n<p>In den Endnoten fand ich ihr Buch <em><a rel=\"nofollow\" href=\"https:\/\/www.amazon.de\/gp\/product\/3593392224\/ref=as_li_tl?ie=UTF8&#038;camp=1638&#038;creative=6742&#038;creativeASIN=3593392224&#038;linkCode=as2&#038;tag=httpwwwankegr-21\">Kollektive Identit\u00e4ten: Sozialphilosophische Grundlagen<\/a><img loading=\"lazy\" decoding=\"async\" src=\"http:\/\/ir-de.amazon-adsystem.com\/e\/ir?t=httpwwwankegr-21&#038;l=as2&#038;o=3&#038;a=3593392224\" width=\"1\" height=\"1\" border=\"0\" alt=\"\" style=\"border:none !important; margin:0px !important;\" \/><\/em>, das mir eventuell f\u00fcr die Masterarbeit n\u00fctzlich sein k\u00f6nnte. Beim Einschlafen noch einen Geistesblitz zur Arbeit gehabt, mir schnell mit dem iPhone am Bett eine Mail geschrieben, damit ich ihn nicht vergesse.<\/p>\n","protected":false},"excerpt":{"rendered":"<p>Die zwei Lekt\u00fcrekursb\u00fccher f\u00fcr das heutige Pr\u00fcfungsgespr\u00e4ch nochmal sehr drastisch quergelesen und meine Notizen dazu vervollst\u00e4ndigt. Die letzten C\u00e9zanne-Lernk\u00e4rtchen gebastelt und durchgegangen. Weil ich mit denen noch nicht fertig war, habe ich mir den Stadionbesuch in Augsburg verkniffen, wo nat\u00fcrlich noch in der Nachspielzeit das Siegtor f\u00fcr den FCA fiel. Das h\u00e4tte ich schon gerne [&hellip;]<\/p>\n","protected":false},"author":10,"featured_media":0,"comment_status":"closed","ping_status":"closed","sticky":false,"template":"","format":"standard","meta":{"footnotes":""},"categories":[1],"tags":[],"class_list":["post-26238","post","type-post","status-publish","format-standard","hentry","category-weblog"],"_links":{"self":[{"href":"https:\/\/www.ankegroener.de\/blog\/index.php?rest_route=\/wp\/v2\/posts\/26238","targetHints":{"allow":["GET"]}}],"collection":[{"href":"https:\/\/www.ankegroener.de\/blog\/index.php?rest_route=\/wp\/v2\/posts"}],"about":[{"href":"https:\/\/www.ankegroener.de\/blog\/index.php?rest_route=\/wp\/v2\/types\/post"}],"author":[{"embeddable":true,"href":"https:\/\/www.ankegroener.de\/blog\/index.php?rest_route=\/wp\/v2\/users\/10"}],"replies":[{"embeddable":true,"href":"https:\/\/www.ankegroener.de\/blog\/index.php?rest_route=%2Fwp%2Fv2%2Fcomments&post=26238"}],"version-history":[{"count":5,"href":"https:\/\/www.ankegroener.de\/blog\/index.php?rest_route=\/wp\/v2\/posts\/26238\/revisions"}],"predecessor-version":[{"id":26243,"href":"https:\/\/www.ankegroener.de\/blog\/index.php?rest_route=\/wp\/v2\/posts\/26238\/revisions\/26243"}],"wp:attachment":[{"href":"https:\/\/www.ankegroener.de\/blog\/index.php?rest_route=%2Fwp%2Fv2%2Fmedia&parent=26238"}],"wp:term":[{"taxonomy":"category","embeddable":true,"href":"https:\/\/www.ankegroener.de\/blog\/index.php?rest_route=%2Fwp%2Fv2%2Fcategories&post=26238"},{"taxonomy":"post_tag","embeddable":true,"href":"https:\/\/www.ankegroener.de\/blog\/index.php?rest_route=%2Fwp%2Fv2%2Ftags&post=26238"}],"curies":[{"name":"wp","href":"https:\/\/api.w.org\/{rel}","templated":true}]}}